{"id":3873,"date":"2024-09-13T12:17:58","date_gmt":"2024-09-13T10:17:58","guid":{"rendered":"https:\/\/hens.ch\/?p=3873"},"modified":"2024-09-13T12:17:58","modified_gmt":"2024-09-13T10:17:58","slug":"ein-freudentag","status":"publish","type":"post","link":"https:\/\/hens.ch\/en\/ein-freudentag\/","title":{"rendered":"Ein Freudentag"},"content":{"rendered":"\n<p>Diese Kolumne freut zum Beispiel die CEOs von Grossfirmen, die in Jeans und Poloshirt als Venture Capitalists posieren und in den Inkubatoren dieses Landes l\u00e4ssig mit ETH-Absolventen \u00fcber die heissesten AI-Anwendungen plaudern, w\u00e4hrend ihre Firmen im Kerngesch\u00e4ft Verluste schreiben.<\/p>\n\n\n\n<p>Oder die Verantwortlichen der Staatskonzerne, die seit Jahren ohne Ansehen der Zielgruppen, des Branchenbezugs oder des Gesch\u00e4ftsmodells Start-ups aufkaufen, als g\u00e4be es kein Morgen mehr \u2013 um sie wenig sp\u00e4ter zu liquidieren oder f\u00fcr einen Spottpreis weiterzuverkaufen.<\/p>\n\n\n\n<p>Dann sind da die Chefs der schweizerischen ICT-KMU, die immer vollkommen \u00fcberrascht sind, wenn ein neues Gesetz in Kraft tritt, das ihnen gesch\u00e4ftlich in die Suppe spuckt oder die Kosten in die H\u00f6he treibt. Dabei h\u00e4tte es gereicht, etwas \u00fcber den Tellerrand zu sehen, die Welt ausserhalb der Branche zu verfolgen und den Verb\u00e4nden zuzuh\u00f6ren.<\/p>\n\n\n\n<p>Es freuen sich weiter die Anw\u00e4lte, die sich auf Startups und Finanzierungsrunden spezialisiert haben. Sie m\u00fcllen Gr\u00fcnder mit kompliziertesten und \u00fcberspitzten Formulierungen in &#8220;Legalese&#8221; zu, welche daf\u00fcr sorgen, dass ein normaler Mensch nicht mehr versteht, was eigentlich gemeint ist \u2013 und einen Anwalt ben\u00f6tigt, um es sich erkl\u00e4ren zu lassen\u2026<\/p>\n\n\n\n<h2 class=\"wp-block-heading\">Ganz viel Betroffenheit!<\/h2>\n\n\n\n<p>Ebenfalls jubilieren die Pseudo-Experten, welche Fernsehrunden und Podcasts bev\u00f6lkern. Ihre Expertise resultiert aus ganz wenigen relevanten Quellen und ganz viel Betroffenheit, angereichert mit anekdotischer Evidenz. Das Ergebnis ihrer Ausf\u00fchrungen ist immer von Anfang an bekannt.<\/p>\n\n\n\n<p>Erfreut zeigen sich ferner die IT-Kunden, welche die IT-Branche gern als Kurpfuscher anprangern, obwohl sie selbst ihre Hausaufgaben nicht gemacht haben. Wer seine aktuellen Systeme nicht richtig kennt, keine klaren Ziele setzt, keine Zeit f\u00fcr Tests hat und Agilit\u00e4t mit spontanen Bauchentscheiden verwechselt, darf sich allerdings nicht wundern, wenn sein Projekt in die Hose geht.<\/p>\n\n\n\n<p>Da w\u00e4ren auch noch die Mediensprecher \u2013 oder besser gesagt die grossen Schweiger \u2013 in der \u00f6ffentlichen Verwaltung und bei Grossunternehmen. Sie verstehen ihren Auftrag darin, m\u00f6glichst wenig Licht in die T\u00e4tigkeit ihrer Organisation dringen zu lassen, oder nur dann, wenn sie die Medien f\u00fcr einen Marketing-Gag als Jubelperser instrumentalisieren.<\/p>\n\n\n\n<p>Heute ist auch ein guter Tag f\u00fcr die Standortf\u00f6rderer, welche behaupten, dass man aus jedem Kiestobel ein Silicon Valley machen kann, indem man eine Marketingagentur beauftragt, ein hippes Logo zu entwickeln. Dieses wird dann vom zust\u00e4ndigen Regierungsrat der staunenden \u00d6ffentlichkeit pr\u00e4sentiert, und alsbald wird der neue &#8220;Hub&#8221; in der ganzen Region weltber\u00fchmt.<\/p>\n\n\n\n<h2 class=\"wp-block-heading\">Eine Z\u00e4sur<\/h2>\n\n\n\n<p>All diese Leute haben etwas gemeinsam: Ich bin Ihnen in den letzten zw\u00f6lf Jahren im Rahmen meiner Kolumne auf <a href=\"https:\/\/www.inside-it.ch\/?t=kolumne&amp;t=Von%20Hensch%20zu%20Mensch\" data-type=\"link\" data-id=\"https:\/\/www.inside-it.ch\/?t=kolumne&amp;t=Von%20Hensch%20zu%20Mensch\" target=\"_blank\" rel=\"noreferrer noopener\">inside-it.ch<\/a> immer wieder auf die Zehen getreten. Und heute wird klar: Dies wird in Zukunft nicht mehr passieren, jedenfalls nicht in diesem Format. Ich habe mich entschlossen, nach genau zw\u00f6lf Jahren und gegen 150 Beitr\u00e4gen meine Kolumne &#8220;Von Hensch zu Mensch&#8221; auf inside-it.ch auslaufen zu lassen.<\/p>\n\n\n\n<p>Ich m\u00f6chte allerdings nicht aufh\u00f6ren, ohne mich bei vier Menschen zu bedanken, welche mir eine im Vergleich zu anderen Kolumnen recht lange &#8220;Amtszeit&#8221; erm\u00f6glicht haben. Der damalige Herausgeber Christoph Hugenschmidt hat mich aufgenommen, obwohl ihm von Anfang an bewusst war, dass ich oftmals Positionen einnehmen w\u00fcrde, die keineswegs den seinen entsprechen. Und so war es dann auch. Und die drei Chefredaktoren Maurizio Minetti, Marcel Gamma und Reto Vogt haben mich umsichtig begleitet, aber nie in Auswahl und Behandlung der Themen eingegriffen, obwohl ich ja immer mal wieder dem einen oder anderen Segment in der Leserschaft an den Karren gefahren bin.<\/p>\n\n\n\n<p>Der <a href=\"https:\/\/www.inside-it.ch\/hausmitteilung-neue-chefredaktion-fuer-inside-it-20240829\" target=\"_blank\" rel=\"noreferrer noopener\">Wechsel in der Chefredaktion von inside-it.ch<\/a> und Ver\u00e4nderungen auf meiner Seite haben mich veranlasst, diesen Schritt jetzt zu vollziehen. So entgehe ich auch der Gefahr, mich mit der Zeit nur noch zu wiederholen und die gesch\u00e4tzten Leserinnen und Leser zu langweilen.<\/p>\n\n\n\n<p>Was mich allerdings schon ein wenig beelendet: Bei vielen Themen, die ich schon vor \u00fcber einem Jahrzehnt aufgegriffen habe, sind wir immer noch nicht weitergekommen. Einzelne Kolumnen aus der Anfangszeit k\u00f6nnten unver\u00e4ndert nochmals publiziert werden, ohne etwas von ihrer Aktualit\u00e4t zu verlieren.<\/p>\n\n\n\n<p>Damit ist auch klar, dass ich nicht aufh\u00f6ren werde, Beitr\u00e4ge zu verfassen und zu publizieren. Auf diesem Blog ganz sicher, aber vielleicht auch anderswo. Wir werden sehen. <\/p>\n\n\n\n<p><em>Dieser Beitrag erschien in weitgehend identischer Form in meiner\u00a0<\/em><a href=\"https:\/\/www.inside-it.ch\/von-hensch-zu-mensch-ein-freudentag-20240910\" data-type=\"link\" data-id=\"https:\/\/www.inside-it.ch\/von-hensch-zu-mensch-steht-z-fuer-zukunft-oder-fuer-zumutung-20240611\" target=\"_blank\" rel=\"noreferrer noopener\">Kolumne \u201cVon Hensch zu Mensch\u201c<\/a><em>\u00a0auf inside-it.ch und wurde teilweise mit KI recherchiert und optimiert.\u00a0Illustration: <a href=\"https:\/\/openai.com\/index\/dall-e-3\/\" data-type=\"link\" data-id=\"https:\/\/openai.com\/index\/dall-e-3\/\" target=\"_blank\" rel=\"noreferrer noopener\">Dall-E<\/a><\/em><\/p>\n","protected":false},"excerpt":{"rendered":"<p>Diese Kolumne freut zum Beispiel die CEOs von Grossfirmen, die in Jeans und Poloshirt als Venture Capitalists posieren und in den Inkubatoren dieses Landes l\u00e4ssig mit ETH-Absolventen \u00fcber die heissesten&hellip;<\/p>\n","protected":false},"author":3,"featured_media":3875,"comment_status":"open","ping_status":"open","sticky":false,"template":"","format":"standard","meta":{"_coblocks_attr":"","_coblocks_dimensions":"","_coblocks_responsive_height":"","_coblocks_accordion_ie_support":"","footnotes":"","_links_to":"","_links_to_target":""},"categories":[83,90,93],"tags":[],"class_list":["post-3873","post","type-post","status-publish","format-standard","has-post-thumbnail","hentry","category-ict","category-kommunikation","category-medien"],"_links":{"self":[{"href":"https:\/\/hens.ch\/en\/wp-json\/wp\/v2\/posts\/3873","targetHints":{"allow":["GET"]}}],"collection":[{"href":"https:\/\/hens.ch\/en\/wp-json\/wp\/v2\/posts"}],"about":[{"href":"https:\/\/hens.ch\/en\/wp-json\/wp\/v2\/types\/post"}],"author":[{"embeddable":true,"href":"https:\/\/hens.ch\/en\/wp-json\/wp\/v2\/users\/3"}],"replies":[{"embeddable":true,"href":"https:\/\/hens.ch\/en\/wp-json\/wp\/v2\/comments?post=3873"}],"version-history":[{"count":2,"href":"https:\/\/hens.ch\/en\/wp-json\/wp\/v2\/posts\/3873\/revisions"}],"predecessor-version":[{"id":3877,"href":"https:\/\/hens.ch\/en\/wp-json\/wp\/v2\/posts\/3873\/revisions\/3877"}],"wp:featuredmedia":[{"embeddable":true,"href":"https:\/\/hens.ch\/en\/wp-json\/wp\/v2\/media\/3875"}],"wp:attachment":[{"href":"https:\/\/hens.ch\/en\/wp-json\/wp\/v2\/media?parent=3873"}],"wp:term":[{"taxonomy":"category","embeddable":true,"href":"https:\/\/hens.ch\/en\/wp-json\/wp\/v2\/categories?post=3873"},{"taxonomy":"post_tag","embeddable":true,"href":"https:\/\/hens.ch\/en\/wp-json\/wp\/v2\/tags?post=3873"}],"curies":[{"name":"wp","href":"https:\/\/api.w.org\/{rel}","templated":true}]}}