{"id":3240,"date":"2020-11-11T08:49:42","date_gmt":"2020-11-11T07:49:42","guid":{"rendered":"https:\/\/hens.ch\/?p=3240"},"modified":"2021-05-13T10:05:02","modified_gmt":"2021-05-13T08:05:02","slug":"corona-gegen-digitalisierung","status":"publish","type":"post","link":"https:\/\/hens.ch\/en\/corona-gegen-digitalisierung\/","title":{"rendered":"Corona gegen Digitalisierung"},"content":{"rendered":"\n<p><strong>Die ICT-Branche sei der grosse Pandemiegewinner, heisst es. Doch es gibt Licht und Schatten.<\/strong><\/p>\n\n\n\n<p>Wir alle kennen Publizisten und Medien, die aus Prinzip immer gegen die Mehrheitsmeinung anschreiben. Das ist gut f\u00fcr ihr Image, und f\u00fcrs Marketing sowieso. Da ich nicht f\u00fcr die Weltwoche unterwegs bin, geht es mir in dieser Kolumne um etwas Anderes: Auch wenn als Ganzes die ICT-Branche \u00f6konomisch von Corona eher profitiert als besch\u00e4digt wird, so d\u00fcrfen wir nicht aus den Augen verlieren, dass sich die Situation je nach Segment und Ausrichtung sehr unterschiedlich darstellen kann und welche gesellschaftlichen Auswirkungen die Pandemie hat.<\/p>\n\n\n\n<p>ICT ist ja in der Schweiz vor allem ein B2B-Gesch\u00e4ft. Dabei ist klar, dass es dem ersten &#8220;B&#8221; nicht gut gehen kann, wenn das zweite &#8220;B&#8221; darbt: Eine ICT-Firma, die ein ERP f\u00fcr Reiseb\u00fcros betreibt, eine Plattform f\u00fcr Reiseb\u00fcros f\u00fchrt, sich auf den IT-Support f\u00fcr Hotels oder auf die Wartung von Hardware f\u00fcr Gross-Events spezialisiert hat, steht gegenw\u00e4rtig vor einem riesigen Problem und wird fast ebenso leiden wie die Branche, f\u00fcr die sie t\u00e4tig ist.<\/p>\n\n\n\n<h4 class=\"wp-block-heading\">Kurzarbeit und Coronakredite sind keine Schande<\/h4>\n\n\n\n<p>Deshalb darf es nicht verwundern, dass es auch ICT-Firmen gibt, die Coronakredite in Anspruch nehmen und ihre Mitarbeitenden auf Kurzarbeit setzen. Nicht wegen Misswirtschaft, sondern weil sie schlicht und einfach das Pech haben, f\u00fcr die &#8220;falsche&#8221; Branche unterwegs zu sein. So viele ICT-Firmen sind das nat\u00fcrlich nicht \u2013 und unsere Branche kann \u00fcber die Zeit unbesch\u00e4ftigte Leute recht problemlos absorbieren. Es wird allerdings l\u00e4ngerfristig die meisten ICT-Firmen treffen. Denn wenn das BIP deutlich sinkt, ergibt sich ein neues, tieferes Ausgangsniveau f\u00fcr das Wirtschaftswachstum, und das wird sich \u00fcber kurz oder lang auch auf die ICT-Investitionen auswirken.<\/p>\n\n\n\n<p>Vor allem mache ich mir Sorgen, wie nun &#8220;Digitalisierung&#8221; in der Gesellschaft (ausserhalb unserer Branche) empfunden wird. Von einem Tag auf den anderen wurden Otto und Anna Normalverbraucher aus ihrem mehr oder weniger beschaulichen Leben herausgerissen und unter Berufung auf einen medizinischen Notfall dazu verdammt, das wahre Leben durch ein virtuelles zu ersetzen. Sie \u00e4rgern sich \u00fcber den Einkauf via Internet, weil sie es nicht gewohnt sind, mit der Technik hadern und das R\u00fcebli und die zwei Tomaten zuerst genau betrachten m\u00f6chten, bevor sie sie in ihr Einkaufsk\u00f6rbli legen. Sie nerven sich im Job ob der endlosen Video-Meetings, bei denen sie immer aufpassen m\u00fcssen, dass die Familie nicht hinten durchs Bild latscht. Sie hadern mit dem ungewohnten QR-Code, mit dem ihnen die Kontaktdaten im Restaurant abverlangt werden. Ihre Kinder sitzen zuhause und reklamieren den Laptop f\u00fcr sich, angeblich, um Hausaufgaben zu machen, aber nat\u00fcrlich vor allem, um mit Kollegen zu gamen.<\/p>\n\n\n\n<h4 class=\"wp-block-heading\">Krisengewinnler sollen bluten<\/h4>\n\n\n\n<p>Otto und Anna dachten immer, sie seien total digital, weil sie im Beruf mit Word arbeiten, Filme auf Netflix schauen und sich via WhatsApp verabreden. Niemand hat sie darauf vorbereitet und geschult, was Corona alles an digitalen Zumutungen mit sich bringt, und niemand hat Geduld mit ihnen, wenn es nicht auf Anhieb klappt. Sowieso liegen \u00fcberall die Nerven blank. Nat\u00fcrlich sind Otto und Anna nicht dumm und haben bald geschnallt, wie alles l\u00e4uft, aber es bleibt doch der pers\u00f6nliche Eindruck, Digitalisierung sei etwas, was in der Krise \u00fcber einen hereinbricht, einen \u00fcberfordert, einem dem richtigen Leben entfremdet und so bald wie m\u00f6glich zu Ende sein sollte, kurzum: Digitalisierung = Katastrophenfall.<\/p>\n\n\n\n<p>Und wenn die ICT-Firmen pauschal als unsympathische Profiteure dieser Situation beschrieben werden, ist es nur ein kurzer Weg, bis man die Krisengewinnler mit &#8220;Sondersteuern&#8221; zur Kasse bittet,&nbsp;<a href=\"https:\/\/www.blick.ch\/news\/schweiz\/jan-egbert-sturm-oberster-berater-des-bundes-fuer-wirtschafsfragen-fordert-extra-steuer-fuer-corona-profiteure-id16067747.html\" target=\"_blank\" rel=\"noreferrer noopener\">wie bereits auf der politischen B\u00fchne vorgeschlagen wurde<\/a>.<\/p>\n\n\n\n<p>Noch etwas anderes besch\u00e4ftigt mich. Was in den letzten Monaten landauf landab passiert ist, ist in vielen F\u00e4llen gar keine Digitalisierung. Wer ein Formular statt auf Papier auch als PDF anbietet, digitalisiert nicht, er transponiert lediglich analoge Abl\u00e4ufe auf einen digitalen Kanal.<\/p>\n\n\n\n<p>Das Problem an Corona ist nun, dass die Pandemie so rasch \u00fcber uns gekommen ist, dass man in den wenigsten F\u00e4llen richtig und konsequent digitalisieren konnte. Chancen wurden verpasst, weil es einfach nicht anders ging, es ging darum zu funktionieren und den Betrieb irgendwie am Laufen zu halten. In vielen Betrieben musste man sich deshalb nach der Decke strecken und mit Bordmitteln auskommen.<\/p>\n\n\n\n<h4 class=\"wp-block-heading\">Im dummen Rank<\/h4>\n\n\n\n<p>Vermutlich haben sich viele Firmen und Institutionen im Sommer gedacht: Jetzt warten wir mal ab, bis sich das Virus verzogen hat, dann schauen wir uns an, welche Lehren wir aus dem Ganzen ziehen wollen und wie wir &#8220;richtig&#8221; digitalisieren. Da kann man nur sagen: Dumm gelaufen. Und es bleibt uns allen nichts anderes \u00fcbrig, als auf das Ende der zweiten Welle zu warten\u2026<\/p>\n\n\n\n<p class=\"has-text-align-right source-indent has-custom-lineheight\" style=\"line-height:1.6;font-size:17px\"><em><em><em><em><em><em>Dieser Beitrag erschien in weitgehend identischer Form in meiner&nbsp;<a rel=\"noreferrer noopener\" href=\"https:\/\/www.inside-it.ch\/de\/post\/von-hensch-zu-mensch-corona-schadet-der-digitalisierung-20201110\" target=\"_blank\">Kolumne \u201cVon Hensch zu Mensch\u201d auf inside-it.ch und inside-channels.ch<\/a><a rel=\"noreferrer noopener\" href=\"https:\/\/www.inside-it.ch\/de\/post\/von-hensch-zu-mensch-do-you-speak-legalese-20200812\" target=\"_blank\">.<\/a> Foto von <a href=\"https:\/\/unsplash.com\/@cdc?utm_source=unsplash&amp;utm_medium=referral&amp;utm_content=creditCopyText\">CDC<\/a> bei <a href=\"https:\/\/unsplash.com\/s\/photos\/corona?utm_source=unsplash&amp;utm_medium=referral&amp;utm_content=creditCopyText\">Unsplash<\/a><\/em><\/em><\/em><\/em><\/em><\/em><\/p>\n","protected":false},"excerpt":{"rendered":"<p>Die ICT-Branche sei der grosse Pandemiegewinner, heisst es. Doch es gibt Licht und Schatten.<\/p>\n","protected":false},"author":3,"featured_media":3242,"comment_status":"open","ping_status":"open","sticky":false,"template":"","format":"standard","meta":{"_coblocks_attr":"","_coblocks_dimensions":"","_coblocks_responsive_height":"","_coblocks_accordion_ie_support":"","footnotes":"","_links_to":"","_links_to_target":""},"categories":[83,90],"tags":[123,124,125,118,126],"class_list":["post-3240","post","type-post","status-publish","format-standard","has-post-thumbnail","hentry","category-ict","category-kommunikation","tag-corona","tag-covid","tag-digitalisierung","tag-ict","tag-ict-industry"],"_links":{"self":[{"href":"https:\/\/hens.ch\/en\/wp-json\/wp\/v2\/posts\/3240","targetHints":{"allow":["GET"]}}],"collection":[{"href":"https:\/\/hens.ch\/en\/wp-json\/wp\/v2\/posts"}],"about":[{"href":"https:\/\/hens.ch\/en\/wp-json\/wp\/v2\/types\/post"}],"author":[{"embeddable":true,"href":"https:\/\/hens.ch\/en\/wp-json\/wp\/v2\/users\/3"}],"replies":[{"embeddable":true,"href":"https:\/\/hens.ch\/en\/wp-json\/wp\/v2\/comments?post=3240"}],"version-history":[{"count":4,"href":"https:\/\/hens.ch\/en\/wp-json\/wp\/v2\/posts\/3240\/revisions"}],"predecessor-version":[{"id":3400,"href":"https:\/\/hens.ch\/en\/wp-json\/wp\/v2\/posts\/3240\/revisions\/3400"}],"wp:featuredmedia":[{"embeddable":true,"href":"https:\/\/hens.ch\/en\/wp-json\/wp\/v2\/media\/3242"}],"wp:attachment":[{"href":"https:\/\/hens.ch\/en\/wp-json\/wp\/v2\/media?parent=3240"}],"wp:term":[{"taxonomy":"category","embeddable":true,"href":"https:\/\/hens.ch\/en\/wp-json\/wp\/v2\/categories?post=3240"},{"taxonomy":"post_tag","embeddable":true,"href":"https:\/\/hens.ch\/en\/wp-json\/wp\/v2\/tags?post=3240"}],"curies":[{"name":"wp","href":"https:\/\/api.w.org\/{rel}","templated":true}]}}